{"id":2021,"date":"2021-09-02T11:19:44","date_gmt":"2021-09-02T09:19:44","guid":{"rendered":"http:\/\/www.cameracivilepn.it\/home\/?p=2021"},"modified":"2021-09-02T11:23:07","modified_gmt":"2021-09-02T09:23:07","slug":"corso-per-delegati-alla-vendita-e-custodi-giudiziari-organizzato-da-uncc-e-con-il-contributo-di-cassa-forense-aggiornamento","status":"publish","type":"post","link":"https:\/\/www.cameracivilepn.it\/home\/2021\/09\/corso-per-delegati-alla-vendita-e-custodi-giudiziari-organizzato-da-uncc-e-con-il-contributo-di-cassa-forense-aggiornamento\/","title":{"rendered":"CORSO PER DELEGATI ALLA VENDITA E CUSTODI GIUDIZIARI organizzato da UNCC e con il contributo di Cassa Forense  -AGGIORNAMENTO-"},"content":{"rendered":"\n<p>Comunico a tutti coloro che vorranno partecipare al corso in oggetto (per le info vedi articolo del 5 agosto u.s.) che la preiscrizione potr\u00e0 avvenire temporaneamente inviando una email a   info@cameracivilepn.it .<\/p>\n\n\n\n<p>Poich\u00e9 il numero massimo di iscrizioni \u00e8 50, verr\u00e0 data precedenza agli iscritti alla Camera Civile di Pordenone in regola con il pagamento della quota associativa per l&#8217;anno in corso (per l&#8217;iscrizione ed il versamento della quota associativa vedi il riquadro a destra).<\/p>\n\n\n\n<p>Entro il 20 settembre p.v. verr\u00e0 data conferma dell&#8217;avvenuta iscrizione e partenza del corso.<\/p>\n\n\n\n<p>Cordiali saluti.<\/p>\n\n\n\n<p>avv. Olivia Basso<\/p>\n","protected":false},"excerpt":{"rendered":"<p>Comunico a tutti coloro che vorranno partecipare al corso in oggetto (per le info vedi articolo del 5 agosto u.s.) che la preiscrizione potr\u00e0 avvenire temporaneamente inviando una email a info@cameracivilepn.it . Poich\u00e9 il numero massimo di iscrizioni \u00e8 50, verr\u00e0 data precedenza agli iscritti alla Camera Civile di Pordenone in regola con il pagamento &hellip; <\/p>\n<p><a class=\"more-link btn\" href=\"https:\/\/www.cameracivilepn.it\/home\/2021\/09\/corso-per-delegati-alla-vendita-e-custodi-giudiziari-organizzato-da-uncc-e-con-il-contributo-di-cassa-forense-aggiornamento\/\">Continua a leggere<\/a><\/p>\n","protected":false},"author":1,"featured_media":0,"comment_status":"open","ping_status":"open","sticky":false,"template":"","format":"standard","meta":[],"categories":[4,6,7,1],"tags":[],"_links":{"self":[{"href":"https:\/\/www.cameracivilepn.it\/home\/wp-json\/wp\/v2\/posts\/2021"}],"collection":[{"href":"https:\/\/www.cameracivilepn.it\/home\/wp-json\/wp\/v2\/posts"}],"about":[{"href":"https:\/\/www.cameracivilepn.it\/home\/wp-json\/wp\/v2\/types\/post"}],"author":[{"embeddable":true,"href":"https:\/\/www.cameracivilepn.it\/home\/wp-json\/wp\/v2\/users\/1"}],"replies":[{"embeddable":true,"href":"https:\/\/www.cameracivilepn.it\/home\/wp-json\/wp\/v2\/comments?post=2021"}],"version-history":[{"count":3,"href":"https:\/\/www.cameracivilepn.it\/home\/wp-json\/wp\/v2\/posts\/2021\/revisions"}],"predecessor-version":[{"id":2024,"href":"https:\/\/www.cameracivilepn.it\/home\/wp-json\/wp\/v2\/posts\/2021\/revisions\/2024"}],"wp:attachment":[{"href":"https:\/\/www.cameracivilepn.it\/home\/wp-json\/wp\/v2\/media?parent=2021"}],"wp:term":[{"taxonomy":"category","embeddable":true,"href":"https:\/\/www.cameracivilepn.it\/home\/wp-json\/wp\/v2\/categories?post=2021"},{"taxonomy":"post_tag","embeddable":true,"href":"https:\/\/www.cameracivilepn.it\/home\/wp-json\/wp\/v2\/tags?post=2021"}],"curies":[{"name":"wp","href":"https:\/\/api.w.org\/{rel}","templated":true}]}}